{"id":128,"date":"2012-03-11T19:16:22","date_gmt":"2012-03-11T18:16:22","guid":{"rendered":"http:\/\/www.markuslinden.de\/?p=128"},"modified":"2012-03-11T19:24:15","modified_gmt":"2012-03-11T18:24:15","slug":"farbmessung-im-fotobuchtest","status":"publish","type":"post","link":"http:\/\/www.markuslinden.de\/?p=128","title":{"rendered":"Farbmessung im Fotobuchtest"},"content":{"rendered":"<p>Ab sofort kann Richtigkeit der Farbwiedergabe bei Fotob\u00fcchern \u00fcber ein Messverfahren \u00fcberpr\u00fcft werden. Dies ist wichtig, da der Vergleich zwischen den Anbietern \u00fcber die subjektive Einsch\u00e4tzung auch bei Normlicht subjektiv bleibt.<\/p>\n<p><a href=\"http:\/\/www.markuslinden.de\/wp\/wp-content\/uploads\/2012\/03\/kontrastbil_neu.jpg\"><img loading=\"lazy\" decoding=\"async\" class=\"alignright size-medium wp-image-140\" title=\"kontrastbil_neu\" src=\"http:\/\/www.markuslinden.de\/wp\/wp-content\/uploads\/2012\/03\/kontrastbil_neu-209x300.jpg\" alt=\"\" width=\"209\" height=\"300\" srcset=\"http:\/\/www.markuslinden.de\/wp\/wp-content\/uploads\/2012\/03\/kontrastbil_neu-209x300.jpg 209w, http:\/\/www.markuslinden.de\/wp\/wp-content\/uploads\/2012\/03\/kontrastbil_neu-716x1024.jpg 716w, http:\/\/www.markuslinden.de\/wp\/wp-content\/uploads\/2012\/03\/kontrastbil_neu.jpg 800w\" sizes=\"(max-width: 209px) 100vw, 209px\" \/><\/a>Im ersten Schritt werden die Hauptfarben automatisiert aus einem Motiv extrahiert und als ideale Farbwerte in die Bilddatei geschrieben. Diese werden als sp\u00e4tere Messfelder mit dem Motiv gedruckt bzw. belichtet.<\/p>\n<p>Aus dem gelieferten Buch werden die Werte \u00fcber einen Spektralphotometer eingelesen und die Abweichungen vom Ideal ermittelt. Die Messung wird im Lab-Modus durchgef\u00fchrt und die Ergebnisse k\u00f6nnen grafisch repr\u00e4sentiert werden.<\/p>\n<p>&nbsp;<\/p>\n<p><a href=\"http:\/\/www.markuslinden.de\/wp\/wp-content\/uploads\/2012\/03\/Grafik-LAB.jpg\"><img loading=\"lazy\" decoding=\"async\" class=\"alignleft size-medium wp-image-134\" title=\"Grafik LAB\" src=\"http:\/\/www.markuslinden.de\/wp\/wp-content\/uploads\/2012\/03\/Grafik-LAB-300x112.jpg\" alt=\"\" width=\"300\" height=\"112\" srcset=\"http:\/\/www.markuslinden.de\/wp\/wp-content\/uploads\/2012\/03\/Grafik-LAB-300x112.jpg 300w, http:\/\/www.markuslinden.de\/wp\/wp-content\/uploads\/2012\/03\/Grafik-LAB-1024x385.jpg 1024w, http:\/\/www.markuslinden.de\/wp\/wp-content\/uploads\/2012\/03\/Grafik-LAB-500x188.jpg 500w, http:\/\/www.markuslinden.de\/wp\/wp-content\/uploads\/2012\/03\/Grafik-LAB.jpg 1244w\" sizes=\"(max-width: 300px) 100vw, 300px\" \/><\/a><\/p>\n<p>&nbsp;<\/p>\n<p>Mit diesem Test k\u00f6nnen im Prinzip alle gedruckten und belichteten Foto-Produkte \u00fcberpr\u00fcft werden.<\/p>\n<p>&nbsp;<\/p>\n","protected":false},"excerpt":{"rendered":"<p>Ab sofort kann Richtigkeit der Farbwiedergabe bei Fotob\u00fcchern \u00fcber ein Messverfahren \u00fcberpr\u00fcft werden. Dies ist wichtig, da der Vergleich zwischen den Anbietern \u00fcber die subjektive Einsch\u00e4tzung auch bei Normlicht subjektiv bleibt. Im ersten Schritt werden die Hauptfarben automatisiert aus einem Motiv extrahiert und als ideale Farbwerte in die Bilddatei geschrieben. Diese werden als sp\u00e4tere Messfelder &hellip; <a href=\"http:\/\/www.markuslinden.de\/?p=128\" class=\"more-link\"><span class=\"screen-reader-text\">Farbmessung im Fotobuchtest<\/span> weiterlesen <span class=\"meta-nav\">&rarr;<\/span><\/a><\/p>\n","protected":false},"author":1,"featured_media":132,"comment_status":"open","ping_status":"open","sticky":false,"template":"","format":"standard","meta":{"footnotes":""},"categories":[1,4],"tags":[22,7],"class_list":["post-128","post","type-post","status-publish","format-standard","has-post-thumbnail","hentry","category-allgemein","category-fotobuch","tag-farbmessung","tag-fotobucher"],"_links":{"self":[{"href":"http:\/\/www.markuslinden.de\/index.php?rest_route=\/wp\/v2\/posts\/128"}],"collection":[{"href":"http:\/\/www.markuslinden.de\/index.php?rest_route=\/wp\/v2\/posts"}],"about":[{"href":"http:\/\/www.markuslinden.de\/index.php?rest_route=\/wp\/v2\/types\/post"}],"author":[{"embeddable":true,"href":"http:\/\/www.markuslinden.de\/index.php?rest_route=\/wp\/v2\/users\/1"}],"replies":[{"embeddable":true,"href":"http:\/\/www.markuslinden.de\/index.php?rest_route=%2Fwp%2Fv2%2Fcomments&post=128"}],"version-history":[{"count":7,"href":"http:\/\/www.markuslinden.de\/index.php?rest_route=\/wp\/v2\/posts\/128\/revisions"}],"predecessor-version":[{"id":142,"href":"http:\/\/www.markuslinden.de\/index.php?rest_route=\/wp\/v2\/posts\/128\/revisions\/142"}],"wp:featuredmedia":[{"embeddable":true,"href":"http:\/\/www.markuslinden.de\/index.php?rest_route=\/wp\/v2\/media\/132"}],"wp:attachment":[{"href":"http:\/\/www.markuslinden.de\/index.php?rest_route=%2Fwp%2Fv2%2Fmedia&parent=128"}],"wp:term":[{"taxonomy":"category","embeddable":true,"href":"http:\/\/www.markuslinden.de\/index.php?rest_route=%2Fwp%2Fv2%2Fcategories&post=128"},{"taxonomy":"post_tag","embeddable":true,"href":"http:\/\/www.markuslinden.de\/index.php?rest_route=%2Fwp%2Fv2%2Ftags&post=128"}],"curies":[{"name":"wp","href":"https:\/\/api.w.org\/{rel}","templated":true}]}}