{"id":298,"date":"2013-05-03T10:09:45","date_gmt":"2013-05-03T08:09:45","guid":{"rendered":"http:\/\/www.markuslinden.de\/?p=298"},"modified":"2013-05-03T13:38:29","modified_gmt":"2013-05-03T11:38:29","slug":"adobe-plant-lightroom-anbindung-an-das-ipad","status":"publish","type":"post","link":"http:\/\/www.markuslinden.de\/?p=298","title":{"rendered":"Adobe plant Lightroom-Anbindung an das iPad"},"content":{"rendered":"<p>Tom Hogarty, Lightroom-Produktmanager bei Adobe, zeigte in <a title=\"The Grid\" href=\"http:\/\/kelbytv.com\/thegrid\/\">The Grid<\/a> eine iOS-Anwendung, auf Lightroom-Daten zugreift und die RAW-Verarbeitung am iPad erm\u00f6glicht. In der von Scott Kelby und Matt Kloskowski moderierten Video-Show lie\u00df Hogarty auf einem iPad 2 eine Anwendung laufen, die sich in einem fr\u00fchen Beta-Stadium befindet und \u00fcber deren finalen Erscheinungstermin er keine Auskunft geben wollte.<\/p>\n<p><object width=\"640\" height=\"360\" classid=\"clsid:d27cdb6e-ae6d-11cf-96b8-444553540000\" codebase=\"http:\/\/download.macromedia.com\/pub\/shockwave\/cabs\/flash\/swflash.cab#version=6,0,40,0\"><param name=\"allowFullScreen\" value=\"true\" \/><param name=\"allowscriptaccess\" value=\"always\" \/><param name=\"src\" value=\"http:\/\/www.youtube.com\/v\/LVzcicQi00w?version=3&amp;hl=de_DE&amp;rel=0\" \/><param name=\"allowfullscreen\" value=\"true\" \/><embed width=\"640\" height=\"360\" type=\"application\/x-shockwave-flash\" src=\"http:\/\/www.youtube.com\/v\/LVzcicQi00w?version=3&amp;hl=de_DE&amp;rel=0\" allowFullScreen=\"true\" allowscriptaccess=\"always\" allowfullscreen=\"true\" \/><\/object><\/p>\n<p>Die technische Basis f\u00fcr &#8222;Lightroom for iPad&#8220; sind Adobes Creative Cloud und die neuen Smart-Vorschauen, die bereits in der Beta von <a title=\"Adobe Labs\" href=\"http:\/\/labs.adobe.com\">Lightroom 5<\/a> zu sehen sind: Diese Vorschauen erm\u00f6glichen eine Berarbeitung der RAW-Parameter plus eine Bildschirm-Aufl\u00f6sung f\u00fcr die Vorschau, ohne dass die Original-Daten zur Verf\u00fcgung stehen. Beim Bereitstellen der hochaufgel\u00f6sten Daten werden die \u00c4nderungen von den Vorschauen automatisch \u00fcbertragen.<\/p>\n<p>Lightroom for iPad greift auf die Smart-Vorschauen zu, die sich in der Creative Cloud befinden. Die endg\u00fcltige Manipulation der Bilder findet erst dann statt, wenn der Mac oder Windows-Rechner sich die \u00c4nderungen aus der Cloud holt. Mit diesem Konzept k\u00f6nnen selbst hochaufgel\u00f6ste Bilder auf einem langsamen Tablet bearbeitet werden. Hogartys Fotos waren mit einer Canon EIS 5D Mark III entstanden. Es sei jedoch auch m\u00f6glich, die Original-Daten auf dem Tablet zu bearbeiten.<\/p>\n<p>Neben der Bearbeitung der Parameter Belichtung, Kontrast, Lichter, Tiefen, Klarheit, Dynamik und S\u00e4ttigung stehen scheinbar auch Regler f\u00fcr Wei\u00dfabgleich und mehr zur Verf\u00fcgung. Details waren nicht zu sehen. Ebenso wenig Funktionen zur Verwaltung und Verschlagwortung der Fotos. Hogarty deutet allerdings an, dass diese ebenfalls integriert werden k\u00f6nnten.<\/p>\n<p>&nbsp;<\/p>\n","protected":false},"excerpt":{"rendered":"<p>Tom Hogarty, Lightroom-Produktmanager bei Adobe, zeigte in The Grid eine iOS-Anwendung, auf Lightroom-Daten zugreift und die RAW-Verarbeitung am iPad erm\u00f6glicht. In der von Scott Kelby und Matt Kloskowski moderierten Video-Show lie\u00df Hogarty auf einem iPad 2 eine Anwendung laufen, die sich in einem fr\u00fchen Beta-Stadium befindet und \u00fcber deren finalen Erscheinungstermin er keine Auskunft geben &hellip; <a href=\"http:\/\/www.markuslinden.de\/?p=298\" class=\"more-link\"><span class=\"screen-reader-text\">Adobe plant Lightroom-Anbindung an das iPad<\/span> weiterlesen <span class=\"meta-nav\">&rarr;<\/span><\/a><\/p>\n","protected":false},"author":1,"featured_media":0,"comment_status":"open","ping_status":"open","sticky":false,"template":"","format":"standard","meta":{"footnotes":""},"categories":[1,19],"tags":[16,36],"class_list":["post-298","post","type-post","status-publish","format-standard","hentry","category-allgemein","category-bildbearbeitung","tag-ipad","tag-lightroom"],"_links":{"self":[{"href":"http:\/\/www.markuslinden.de\/index.php?rest_route=\/wp\/v2\/posts\/298"}],"collection":[{"href":"http:\/\/www.markuslinden.de\/index.php?rest_route=\/wp\/v2\/posts"}],"about":[{"href":"http:\/\/www.markuslinden.de\/index.php?rest_route=\/wp\/v2\/types\/post"}],"author":[{"embeddable":true,"href":"http:\/\/www.markuslinden.de\/index.php?rest_route=\/wp\/v2\/users\/1"}],"replies":[{"embeddable":true,"href":"http:\/\/www.markuslinden.de\/index.php?rest_route=%2Fwp%2Fv2%2Fcomments&post=298"}],"version-history":[{"count":11,"href":"http:\/\/www.markuslinden.de\/index.php?rest_route=\/wp\/v2\/posts\/298\/revisions"}],"predecessor-version":[{"id":307,"href":"http:\/\/www.markuslinden.de\/index.php?rest_route=\/wp\/v2\/posts\/298\/revisions\/307"}],"wp:attachment":[{"href":"http:\/\/www.markuslinden.de\/index.php?rest_route=%2Fwp%2Fv2%2Fmedia&parent=298"}],"wp:term":[{"taxonomy":"category","embeddable":true,"href":"http:\/\/www.markuslinden.de\/index.php?rest_route=%2Fwp%2Fv2%2Fcategories&post=298"},{"taxonomy":"post_tag","embeddable":true,"href":"http:\/\/www.markuslinden.de\/index.php?rest_route=%2Fwp%2Fv2%2Ftags&post=298"}],"curies":[{"name":"wp","href":"https:\/\/api.w.org\/{rel}","templated":true}]}}