{"id":368,"date":"2021-02-22T14:49:53","date_gmt":"2021-02-22T13:49:53","guid":{"rendered":"http:\/\/www.markuslinden.de\/?p=368"},"modified":"2021-02-22T15:02:57","modified_gmt":"2021-02-22T14:02:57","slug":"flexibles-dauerlicht","status":"publish","type":"post","link":"http:\/\/www.markuslinden.de\/?p=368","title":{"rendered":"Flexibles Dauerlicht"},"content":{"rendered":"\n<p>Die Primalux LED 1000 Color vom deutschen Hersteller Hedler ist eine variable Dauerlichtleuchte, die f\u00fcr die professionelle Foto- und Videoproduktion geeignet ist<\/p>\n\n\n\n<p>Die \u201e1000\u201c im Namen der Leuchte f\u00fchrt etwas in die Irre: Die Primalux LED 1000 Color nimmt etwa 170 Watt an Leistung auf \u2013 entspricht aber in der Lichtausbeute etwa dem, was fr\u00fcher ein Halogen-Dauerlicht mit 1000 Watt geliefert hat. Hedler selbst gibt eine Beleuchtungsst\u00e4rke von 250 000 Lux an. Ein Wert, der abh\u00e4ngig von der Fl\u00e4che ist und nur schwer Vergleiche erlaubt. Wer unge\u00fcbt im Einsatz von Dauerlicht ist, sollte wissen: F\u00fcr Dauerlicht ist die Leistung gut, im Vergleich zu einem einfachen Blitz jedoch wenig. Ein Beispiel aus der Praxis: Im Test mit einer kleinen Softbox (50 mal 70 Zentimeter) konnte der Autor bei ISO 400 mit Blenden zwischen f2 und f4 Portr\u00e4ts anfertigen, ohne den Bildstabilisator aktivieren zu m\u00fcssen. Arbeitet man ohne Softbox mit hartem Licht, so sieht die Lage anders aus: Bis zu Blende 8 war beim Testshooting drin.<\/p>\n\n\n\n<figure class=\"wp-block-image size-large\"><a href=\"http:\/\/www.markuslinden.de\/wp\/wp-content\/uploads\/2021\/02\/hedler_primalux_led1000_color_side.png\"><img loading=\"lazy\" decoding=\"async\" width=\"685\" height=\"762\" src=\"http:\/\/www.markuslinden.de\/wp\/wp-content\/uploads\/2021\/02\/hedler_primalux_led1000_color_side.png\" alt=\"Primalux LED 1000 Color\" class=\"wp-image-369\" srcset=\"http:\/\/www.markuslinden.de\/wp\/wp-content\/uploads\/2021\/02\/hedler_primalux_led1000_color_side.png 685w, http:\/\/www.markuslinden.de\/wp\/wp-content\/uploads\/2021\/02\/hedler_primalux_led1000_color_side-270x300.png 270w\" sizes=\"(max-width: 685px) 100vw, 685px\" \/><\/a><figcaption>Eine eingebaute Fresnellinse erm\u00f6glicht das Fokussieren des Lichts<\/figcaption><\/figure>\n\n\n\n<p>Eine Besonderheit der PrimaLux LED ist die eingebaute Fresnel-Linse. Mit ihr kann das Licht weiter geb\u00fcndelt oder gestreut werden \u2013 Ausleuchtwinkel zwischen 10 und 65 Grad sind m\u00f6glich. Das macht die Leuchte sehr flexibel (und ver\u00e4ndert nat\u00fcrlich noch mal die am Motiv eintreffende Lichtst\u00e4rke). Das Licht l\u00e4sst sich so sehr gut ohne weitere Lichtformer fokussieren und zu einem Spotlicht umwandeln. Dieser Fokus ist durch Drehen am Fokussierrad stufenlos einstellbar.<\/p>\n\n\n\n<figure class=\"wp-block-image size-large\"><a href=\"http:\/\/www.markuslinden.de\/wp\/wp-content\/uploads\/2021\/02\/MLD1146-scaled.jpg\"><img loading=\"lazy\" decoding=\"async\" width=\"1024\" height=\"683\" src=\"http:\/\/www.markuslinden.de\/wp\/wp-content\/uploads\/2021\/02\/MLD1146-1024x683.jpg\" alt=\"\" class=\"wp-image-370\" srcset=\"http:\/\/www.markuslinden.de\/wp\/wp-content\/uploads\/2021\/02\/MLD1146-1024x683.jpg 1024w, http:\/\/www.markuslinden.de\/wp\/wp-content\/uploads\/2021\/02\/MLD1146-300x200.jpg 300w, http:\/\/www.markuslinden.de\/wp\/wp-content\/uploads\/2021\/02\/MLD1146-768x513.jpg 768w, http:\/\/www.markuslinden.de\/wp\/wp-content\/uploads\/2021\/02\/MLD1146-1536x1025.jpg 1536w, http:\/\/www.markuslinden.de\/wp\/wp-content\/uploads\/2021\/02\/MLD1146-2048x1367.jpg 2048w, http:\/\/www.markuslinden.de\/wp\/wp-content\/uploads\/2021\/02\/MLD1146-449x300.jpg 449w\" sizes=\"(max-width: 1024px) 100vw, 1024px\" \/><\/a><figcaption>Simulation von Kerzenlicht<\/figcaption><\/figure>\n\n\n\n<p>Ebenso interessant ist die in sieben Stufen von 3000 bis 6500 einstellbare Lichtfarbe. Damit eignet sich das Licht hervorragend, um bestehende Lichtquellen (Raumlicht, Fensterlicht, Kerzenlicht etc.) zu erg\u00e4nzen oder auch zu simulieren.<\/p>\n\n\n\n<figure class=\"wp-block-image size-large\"><a href=\"http:\/\/www.markuslinden.de\/wp\/wp-content\/uploads\/2021\/02\/MLD0996-scaled.jpg\"><img loading=\"lazy\" decoding=\"async\" width=\"683\" height=\"1024\" src=\"http:\/\/www.markuslinden.de\/wp\/wp-content\/uploads\/2021\/02\/MLD0996-683x1024.jpg\" alt=\"\" class=\"wp-image-373\" srcset=\"http:\/\/www.markuslinden.de\/wp\/wp-content\/uploads\/2021\/02\/MLD0996-683x1024.jpg 683w, http:\/\/www.markuslinden.de\/wp\/wp-content\/uploads\/2021\/02\/MLD0996-200x300.jpg 200w, http:\/\/www.markuslinden.de\/wp\/wp-content\/uploads\/2021\/02\/MLD0996-768x1151.jpg 768w, http:\/\/www.markuslinden.de\/wp\/wp-content\/uploads\/2021\/02\/MLD0996-1025x1536.jpg 1025w, http:\/\/www.markuslinden.de\/wp\/wp-content\/uploads\/2021\/02\/MLD0996-1367x2048.jpg 1367w, http:\/\/www.markuslinden.de\/wp\/wp-content\/uploads\/2021\/02\/MLD0996-scaled.jpg 1708w\" sizes=\"(max-width: 683px) 100vw, 683px\" \/><\/a><figcaption>Simulation von Fensterlicht<\/figcaption><\/figure>\n\n\n\n<p>Die Lichtst\u00e4rke ist dabei einstellbar zwischen 100% und 5%. Dabei bleibt die Lichttemperatur stabil. \u00dcberhaupt hat das Licht eine sehr gute Farbwiedergabe: Hedler gibt einen CRI von gr\u00f6\u00dfer als 97 an.<\/p>\n\n\n\n<p>Es k\u00f6nnen alle Lichtformer mit Hedler Quickfit-Bajonett angesetzt werden. Von Hedler selbst gibt es diverse Adapter f\u00fcr Fremdbajonette.<\/p>\n\n\n\n<p>Wer Videos drehen will, wird die geringe Ger\u00e4uschentwicklung sch\u00e4tzen: Der L\u00fcfter dreht auf Wunsch dynamisch mit und ist daher vor allem bei geringer Lichtleistung nicht oder kaum h\u00f6rbar, wird aber auch bei voller Leistung nicht wirklich laut.<\/p>\n\n\n\n<figure class=\"wp-block-image size-large\"><a href=\"http:\/\/www.markuslinden.de\/wp\/wp-content\/uploads\/2021\/02\/hedler_primalux_led1000_color_back.png\"><img loading=\"lazy\" decoding=\"async\" width=\"949\" height=\"1024\" src=\"http:\/\/www.markuslinden.de\/wp\/wp-content\/uploads\/2021\/02\/hedler_primalux_led1000_color_back-949x1024.png\" alt=\"\" class=\"wp-image-374\" srcset=\"http:\/\/www.markuslinden.de\/wp\/wp-content\/uploads\/2021\/02\/hedler_primalux_led1000_color_back-949x1024.png 949w, http:\/\/www.markuslinden.de\/wp\/wp-content\/uploads\/2021\/02\/hedler_primalux_led1000_color_back-278x300.png 278w, http:\/\/www.markuslinden.de\/wp\/wp-content\/uploads\/2021\/02\/hedler_primalux_led1000_color_back-768x828.png 768w, http:\/\/www.markuslinden.de\/wp\/wp-content\/uploads\/2021\/02\/hedler_primalux_led1000_color_back.png 981w\" sizes=\"(max-width: 949px) 100vw, 949px\" \/><\/a><figcaption>Etwas klein geratene Taster, aber sonst einfach zu bedienen<\/figcaption><\/figure>\n\n\n\n<p>Die <a href=\"https:\/\/www.hedler.com\/epages\/es12071.sf\/de_DE\/?ObjectPath=\/Shops\/es12071\/Products\/3065\">Primalux LED 1000 Color<\/a> kostet 1595 Euro und ist bereits erh\u00e4ltlich<\/p>\n\n\n\n<p><\/p>\n","protected":false},"excerpt":{"rendered":"<p>Die Primalux LED 1000 Color vom deutschen Hersteller Hedler ist eine variable Dauerlichtleuchte, die f\u00fcr die professionelle Foto- und Videoproduktion geeignet ist Die \u201e1000\u201c im Namen der Leuchte f\u00fchrt etwas in die Irre: Die Primalux LED 1000 Color nimmt etwa 170 Watt an Leistung auf \u2013 entspricht aber in der Lichtausbeute etwa dem, was fr\u00fcher &hellip; <a href=\"http:\/\/www.markuslinden.de\/?p=368\" class=\"more-link\"><span class=\"screen-reader-text\">Flexibles Dauerlicht<\/span> weiterlesen <span class=\"meta-nav\">&rarr;<\/span><\/a><\/p>\n","protected":false},"author":1,"featured_media":0,"comment_status":"closed","ping_status":"closed","sticky":false,"template":"","format":"standard","meta":{"footnotes":""},"categories":[48,59],"tags":[55,58,54,57,56],"class_list":["post-368","post","type-post","status-publish","format-standard","hentry","category-hardware","category-licht","tag-dauerlicht","tag-fresnellinse","tag-hedler","tag-kerzenlicht-simulieren","tag-led"],"_links":{"self":[{"href":"http:\/\/www.markuslinden.de\/index.php?rest_route=\/wp\/v2\/posts\/368"}],"collection":[{"href":"http:\/\/www.markuslinden.de\/index.php?rest_route=\/wp\/v2\/posts"}],"about":[{"href":"http:\/\/www.markuslinden.de\/index.php?rest_route=\/wp\/v2\/types\/post"}],"author":[{"embeddable":true,"href":"http:\/\/www.markuslinden.de\/index.php?rest_route=\/wp\/v2\/users\/1"}],"replies":[{"embeddable":true,"href":"http:\/\/www.markuslinden.de\/index.php?rest_route=%2Fwp%2Fv2%2Fcomments&post=368"}],"version-history":[{"count":4,"href":"http:\/\/www.markuslinden.de\/index.php?rest_route=\/wp\/v2\/posts\/368\/revisions"}],"predecessor-version":[{"id":376,"href":"http:\/\/www.markuslinden.de\/index.php?rest_route=\/wp\/v2\/posts\/368\/revisions\/376"}],"wp:attachment":[{"href":"http:\/\/www.markuslinden.de\/index.php?rest_route=%2Fwp%2Fv2%2Fmedia&parent=368"}],"wp:term":[{"taxonomy":"category","embeddable":true,"href":"http:\/\/www.markuslinden.de\/index.php?rest_route=%2Fwp%2Fv2%2Fcategories&post=368"},{"taxonomy":"post_tag","embeddable":true,"href":"http:\/\/www.markuslinden.de\/index.php?rest_route=%2Fwp%2Fv2%2Ftags&post=368"}],"curies":[{"name":"wp","href":"https:\/\/api.w.org\/{rel}","templated":true}]}}