{"id":599,"date":"2024-01-19T08:18:33","date_gmt":"2024-01-19T07:18:33","guid":{"rendered":"http:\/\/www.markuslinden.de\/?p=599"},"modified":"2024-01-19T08:18:33","modified_gmt":"2024-01-19T07:18:33","slug":"winterschutz-fuer-radfahrer","status":"publish","type":"post","link":"http:\/\/www.markuslinden.de\/?p=599","title":{"rendered":"Winterschutz f\u00fcr Radfahrer"},"content":{"rendered":"\n<p>Bei Schnee, Eis und K\u00e4lte den Kopf und die H\u00e4nde sch\u00f6n warm halten: Meine beiden neuen Test bei Spiegel.de: <a href=\"https:\/\/www.spiegel.de\/tests\/fahrrad-zubehoer\/fahrradmuetzen-von-endura-vaude-gore-gripgrab-und-poc-im-test-a-da176c80-4a3b-47a9-968f-ea5da1fc6066\">Unterhelmm\u00fctzen<\/a> passen unter einen Helm und sch\u00fctzen Kopf und Ohren, <a href=\"https:\/\/www.spiegel.de\/tests\/fahrrad-zubehoer\/fahrradhandschuhe-fuer-den-winter-modelle-von-endura-gripgrab-chiba-vaude-ziener-und-roeckl-im-test-a-288e8a82-77ff-41bc-b64b-8c1488808aa3\">Winterhandschuhe<\/a> sorgen f\u00fcr entspanntes Radfahren auch bei gro\u00dfer K\u00e4lte.<\/p>\n\n\n\n<figure class=\"wp-block-image size-large\"><a href=\"http:\/\/www.markuslinden.de\/wp\/wp-content\/uploads\/2024\/01\/Bildschirmfoto-2024-01-19-um-08.13.48.png\"><img loading=\"lazy\" decoding=\"async\" width=\"1024\" height=\"745\" src=\"http:\/\/www.markuslinden.de\/wp\/wp-content\/uploads\/2024\/01\/Bildschirmfoto-2024-01-19-um-08.13.48-1024x745.png\" alt=\"\" class=\"wp-image-600\" srcset=\"http:\/\/www.markuslinden.de\/wp\/wp-content\/uploads\/2024\/01\/Bildschirmfoto-2024-01-19-um-08.13.48-1024x745.png 1024w, http:\/\/www.markuslinden.de\/wp\/wp-content\/uploads\/2024\/01\/Bildschirmfoto-2024-01-19-um-08.13.48-300x218.png 300w, http:\/\/www.markuslinden.de\/wp\/wp-content\/uploads\/2024\/01\/Bildschirmfoto-2024-01-19-um-08.13.48-768x559.png 768w, http:\/\/www.markuslinden.de\/wp\/wp-content\/uploads\/2024\/01\/Bildschirmfoto-2024-01-19-um-08.13.48-1536x1118.png 1536w, http:\/\/www.markuslinden.de\/wp\/wp-content\/uploads\/2024\/01\/Bildschirmfoto-2024-01-19-um-08.13.48-2048x1490.png 2048w\" sizes=\"(max-width: 1024px) 100vw, 1024px\" \/><\/a><\/figure>\n","protected":false},"excerpt":{"rendered":"<p>Bei Schnee, Eis und K\u00e4lte den Kopf und die H\u00e4nde sch\u00f6n warm halten: Meine beiden neuen Test bei Spiegel.de: Unterhelmm\u00fctzen passen unter einen Helm und sch\u00fctzen Kopf und Ohren, Winterhandschuhe sorgen f\u00fcr entspanntes Radfahren auch bei gro\u00dfer K\u00e4lte.<\/p>\n","protected":false},"author":1,"featured_media":0,"comment_status":"closed","ping_status":"closed","sticky":false,"template":"","format":"standard","meta":{"footnotes":""},"categories":[1],"tags":[],"class_list":["post-599","post","type-post","status-publish","format-standard","hentry","category-allgemein"],"_links":{"self":[{"href":"http:\/\/www.markuslinden.de\/index.php?rest_route=\/wp\/v2\/posts\/599"}],"collection":[{"href":"http:\/\/www.markuslinden.de\/index.php?rest_route=\/wp\/v2\/posts"}],"about":[{"href":"http:\/\/www.markuslinden.de\/index.php?rest_route=\/wp\/v2\/types\/post"}],"author":[{"embeddable":true,"href":"http:\/\/www.markuslinden.de\/index.php?rest_route=\/wp\/v2\/users\/1"}],"replies":[{"embeddable":true,"href":"http:\/\/www.markuslinden.de\/index.php?rest_route=%2Fwp%2Fv2%2Fcomments&post=599"}],"version-history":[{"count":1,"href":"http:\/\/www.markuslinden.de\/index.php?rest_route=\/wp\/v2\/posts\/599\/revisions"}],"predecessor-version":[{"id":601,"href":"http:\/\/www.markuslinden.de\/index.php?rest_route=\/wp\/v2\/posts\/599\/revisions\/601"}],"wp:attachment":[{"href":"http:\/\/www.markuslinden.de\/index.php?rest_route=%2Fwp%2Fv2%2Fmedia&parent=599"}],"wp:term":[{"taxonomy":"category","embeddable":true,"href":"http:\/\/www.markuslinden.de\/index.php?rest_route=%2Fwp%2Fv2%2Fcategories&post=599"},{"taxonomy":"post_tag","embeddable":true,"href":"http:\/\/www.markuslinden.de\/index.php?rest_route=%2Fwp%2Fv2%2Ftags&post=599"}],"curies":[{"name":"wp","href":"https:\/\/api.w.org\/{rel}","templated":true}]}}